{"id":13265,"date":"2021-12-16T09:34:46","date_gmt":"2021-12-16T09:34:46","guid":{"rendered":"http:\/\/bellavistalegal.eu\/el-gobierno-impulsa-las-energias-renovables-y-el-hidrogeno-verde\/"},"modified":"2021-12-16T09:34:46","modified_gmt":"2021-12-16T09:34:46","slug":"el-gobierno-impulsa-las-energias-renovables-y-el-hidrogeno-verde","status":"publish","type":"post","link":"https:\/\/bellavistalegal.eu\/en\/el-gobierno-impulsa-las-energias-renovables-y-el-hidrogeno-verde\/","title":{"rendered":"El Gobierno impulsa las energ\u00edas renovables y el hidr\u00f3geno verde"},"content":{"rendered":"<p>El Consejo de Ministros ha aprobado el Proyecto Estrat\u00e9gico para la Recuperaci\u00f3n y Transformaci\u00f3n Econ\u00f3mica (PERTE) de Energ\u00edas Renovables, Hidr\u00f3geno Renovable y Almacenamiento. El grueso de las l\u00edneas de ayuda y actuaciones de apoyo del PERTE ERHA estar\u00e1n disponibles entre 2022 y 2023, y los proyectos beneficiarios se ejecutar\u00e1n hasta 2026. Algunos de los programas ya est\u00e1n en marcha: acaban de superar la fase de informaci\u00f3n p\u00fablica cuatro convocatorias dotadas con m\u00e1s de 500 millones en conjunto para el impulso a la cadena de valor del hidr\u00f3geno renovable, proyectos pioneros de hidr\u00f3geno renovable, proyectos de I+D en almacenamiento energ\u00e9tico y proyectos piloto para comunidades energ\u00e9ticas.<\/p>\n<p><strong>FUENTE: SINTESIS DIARIA<\/strong><\/p>\n","protected":false},"excerpt":{"rendered":"<p>El Consejo de Ministros ha aprobado el Proyecto Estrat\u00e9gico para la Recuperaci\u00f3n y Transformaci\u00f3n Econ\u00f3mica (PERTE) de Energ\u00edas Renovables, Hidr\u00f3geno Renovable y Almacenamiento. El grueso de las l\u00edneas de ayuda y actuaciones de apoyo del PERTE ERHA estar\u00e1n disponibles entre 2022 y 2023, y los proyectos beneficiarios se ejecutar\u00e1n hasta 2026. Algunos de los programas ya est\u00e1n en marcha: acaban de superar la fase de informaci\u00f3n p\u00fablica cuatro convocatorias dotadas con m\u00e1s de 500 millones en conjunto para el impulso a la cadena de valor del hidr\u00f3geno renovable, proyectos pioneros de hidr\u00f3geno renovable, proyectos de I+D en almacenamiento energ\u00e9tico y proyectos piloto para comunidades energ\u00e9ticas. FUENTE: SINTESIS DIARIA<\/p>\n","protected":false},"author":1,"featured_media":0,"comment_status":"closed","ping_status":"open","sticky":false,"template":"","format":"standard","meta":{"_acf_changed":false,"footnotes":""},"categories":[16],"tags":[],"class_list":["post-13265","post","type-post","status-publish","format-standard","hentry","category-consultancy"],"acf":[],"_links":{"self":[{"href":"https:\/\/bellavistalegal.eu\/en\/wp-json\/wp\/v2\/posts\/13265","targetHints":{"allow":["GET"]}}],"collection":[{"href":"https:\/\/bellavistalegal.eu\/en\/wp-json\/wp\/v2\/posts"}],"about":[{"href":"https:\/\/bellavistalegal.eu\/en\/wp-json\/wp\/v2\/types\/post"}],"author":[{"embeddable":true,"href":"https:\/\/bellavistalegal.eu\/en\/wp-json\/wp\/v2\/users\/1"}],"replies":[{"embeddable":true,"href":"https:\/\/bellavistalegal.eu\/en\/wp-json\/wp\/v2\/comments?post=13265"}],"version-history":[{"count":0,"href":"https:\/\/bellavistalegal.eu\/en\/wp-json\/wp\/v2\/posts\/13265\/revisions"}],"wp:attachment":[{"href":"https:\/\/bellavistalegal.eu\/en\/wp-json\/wp\/v2\/media?parent=13265"}],"wp:term":[{"taxonomy":"category","embeddable":true,"href":"https:\/\/bellavistalegal.eu\/en\/wp-json\/wp\/v2\/categories?post=13265"},{"taxonomy":"post_tag","embeddable":true,"href":"https:\/\/bellavistalegal.eu\/en\/wp-json\/wp\/v2\/tags?post=13265"}],"curies":[{"name":"wp","href":"https:\/\/api.w.org\/{rel}","templated":true}]}}