{"id":20837,"date":"2023-11-23T17:02:17","date_gmt":"2023-11-23T15:02:17","guid":{"rendered":"http:\/\/bellavistalegal.eu\/xvi-jornadas-del-tribunal-de-marcas-de-la-union-europea\/"},"modified":"2023-11-23T17:02:17","modified_gmt":"2023-11-23T15:02:17","slug":"xvi-jornadas-del-tribunal-de-marcas-de-la-union-europea","status":"publish","type":"post","link":"https:\/\/bellavistalegal.eu\/en\/xvi-jornadas-del-tribunal-de-marcas-de-la-union-europea\/","title":{"rendered":"XVI Jornadas del Tribunal de Marcas de la Uni\u00f3n Europea"},"content":{"rendered":"<p>Rosa Mar\u00eda Abadie, directora, e Isabel Babiano, abogada, del departamento de Propiedad Intelectual e Industrial de BELLAVISTA, han asistido este mes de noviembre a las XVI Jornadas del Tribunal de Marcas de la Uni\u00f3n Europea celebradas en el Ilustre Colegio de Abogados de Alicante. En ellas se han tratado temas actuales de elevado inter\u00e9s como, por ejemplo, cuestiones de Jurisdicci\u00f3n y Derecho aplicable en la infracci\u00f3n de derechos de Propiedad Industrial en el Metaverso, las principales modificaciones en la reforma del Dise\u00f1o Comunitario, as\u00ed como novedades jurisprudenciales en las sentencias del Tribunal de Marca de la Uni\u00f3n Europea.<\/p>\n","protected":false},"excerpt":{"rendered":"<p>Rosa Mar\u00eda Abadie, directora, e Isabel Babiano, abogada, del departamento de Propiedad Intelectual e Industrial de BELLAVISTA, han asistido este mes de noviembre a las XVI Jornadas del Tribunal de Marcas de la Uni\u00f3n Europea celebradas en el Ilustre Colegio de Abogados de Alicante. En ellas se han tratado temas actuales de elevado inter\u00e9s como, por ejemplo, cuestiones de Jurisdicci\u00f3n y Derecho aplicable en la infracci\u00f3n de derechos de Propiedad Industrial en el Metaverso, las principales modificaciones en la reforma del Dise\u00f1o Comunitario, as\u00ed como novedades jurisprudenciales en las sentencias del Tribunal de Marca de la Uni\u00f3n Europea.<\/p>\n","protected":false},"author":1,"featured_media":0,"comment_status":"closed","ping_status":"open","sticky":false,"template":"","format":"standard","meta":{"_acf_changed":false,"footnotes":""},"categories":[14],"tags":[],"class_list":["post-20837","post","type-post","status-publish","format-standard","hentry","category-general-2"],"acf":[],"_links":{"self":[{"href":"https:\/\/bellavistalegal.eu\/en\/wp-json\/wp\/v2\/posts\/20837","targetHints":{"allow":["GET"]}}],"collection":[{"href":"https:\/\/bellavistalegal.eu\/en\/wp-json\/wp\/v2\/posts"}],"about":[{"href":"https:\/\/bellavistalegal.eu\/en\/wp-json\/wp\/v2\/types\/post"}],"author":[{"embeddable":true,"href":"https:\/\/bellavistalegal.eu\/en\/wp-json\/wp\/v2\/users\/1"}],"replies":[{"embeddable":true,"href":"https:\/\/bellavistalegal.eu\/en\/wp-json\/wp\/v2\/comments?post=20837"}],"version-history":[{"count":0,"href":"https:\/\/bellavistalegal.eu\/en\/wp-json\/wp\/v2\/posts\/20837\/revisions"}],"wp:attachment":[{"href":"https:\/\/bellavistalegal.eu\/en\/wp-json\/wp\/v2\/media?parent=20837"}],"wp:term":[{"taxonomy":"category","embeddable":true,"href":"https:\/\/bellavistalegal.eu\/en\/wp-json\/wp\/v2\/categories?post=20837"},{"taxonomy":"post_tag","embeddable":true,"href":"https:\/\/bellavistalegal.eu\/en\/wp-json\/wp\/v2\/tags?post=20837"}],"curies":[{"name":"wp","href":"https:\/\/api.w.org\/{rel}","templated":true}]}}